{"id":1640,"date":"2023-06-18T00:11:10","date_gmt":"2023-06-18T00:11:10","guid":{"rendered":"https:\/\/ricardofallasj.com\/?p=1640"},"modified":"2023-06-18T00:11:11","modified_gmt":"2023-06-18T00:11:11","slug":"misa-conmemoriativa-myrna-mack","status":"publish","type":"post","link":"https:\/\/ricardofallasj.com\/?p=1640","title":{"rendered":"Misa Conmemoriativa Myrna Mack"},"content":{"rendered":"\n<iframe loading=\"lazy\" src=\"https:\/\/www.facebook.com\/plugins\/video.php?height=314&#038;href=https%3A%2F%2Fwww.facebook.com%2Ffundacion.myrna.mack%2Fvideos%2F485077779836332%2F&#038;show_text=false&#038;width=560&#038;t=0\" width=\"560\" height=\"314\" style=\"border:none;overflow:hidden\" scrolling=\"no\" frameborder=\"0\" allowfullscreen=\"true\" allow=\"autoplay; clipboard-write; encrypted-media; picture-in-picture; web-share\" allowFullScreen=\"true\"><\/iframe>\n","protected":false},"excerpt":{"rendered":"","protected":false},"author":1,"featured_media":1612,"comment_status":"closed","ping_status":"closed","sticky":false,"template":"","format":"standard","meta":{"footnotes":""},"categories":[38],"tags":[],"class_list":["post-1640","post","type-post","status-publish","format-standard","has-post-thumbnail","hentry","category-videos"],"yoast_head":"<!-- This site is optimized with the Yoast SEO plugin v26.8 - https:\/\/yoast.com\/product\/yoast-seo-wordpress\/ -->\n<title>Misa Conmemoriativa Myrna Mack - Ricardo Falla sj<\/title>\n<meta name=\"description\" content=\"Ricardo Falla, sj. Colecci\u00f3n Al atardecer de la vida, JUVENTUD Y MIGRACI\u00d3N, MASACRES Y ACOMPA\u00d1AMIENTO PASTORAL, CONVERSI\u00d3N RELIGIOSA Y RESORTES ORGANIZATIVOS\" \/>\n<meta name=\"robots\" content=\"index, follow, max-snippet:-1, max-image-preview:large, max-video-preview:-1\" \/>\n<link rel=\"canonical\" href=\"https:\/\/ricardofallasj.com\/?p=1640\" \/>\n<meta property=\"og:locale\" content=\"es_ES\" \/>\n<meta property=\"og:type\" content=\"article\" \/>\n<meta property=\"og:title\" content=\"Misa Conmemoriativa Myrna Mack - Ricardo Falla sj\" \/>\n<meta property=\"og:description\" content=\"Ricardo Falla, sj. Colecci\u00f3n Al atardecer de la vida, JUVENTUD Y MIGRACI\u00d3N, MASACRES Y ACOMPA\u00d1AMIENTO PASTORAL, CONVERSI\u00d3N RELIGIOSA Y RESORTES ORGANIZATIVOS\" \/>\n<meta property=\"og:url\" content=\"https:\/\/ricardofallasj.com\/?p=1640\" \/>\n<meta property=\"og:site_name\" content=\"Ricardo Falla sj\" \/>\n<meta property=\"article:published_time\" content=\"2023-06-18T00:11:10+00:00\" \/>\n<meta property=\"article:modified_time\" content=\"2023-06-18T00:11:11+00:00\" \/>\n<meta property=\"og:image\" content=\"https:\/\/ricardofallasj.com\/wp-content\/uploads\/Misa-Mirna-Mack.jpg\" \/>\n\t<meta property=\"og:image:width\" content=\"784\" \/>\n\t<meta property=\"og:image:height\" content=\"435\" \/>\n\t<meta property=\"og:image:type\" content=\"image\/jpeg\" \/>\n<meta name=\"author\" content=\"admin\" \/>\n<meta name=\"twitter:card\" content=\"summary_large_image\" \/>\n<meta name=\"twitter:label1\" content=\"Escrito por\" \/>\n\t<meta name=\"twitter:data1\" content=\"admin\" \/>\n<script type=\"application\/ld+json\" class=\"yoast-schema-graph\">{\"@context\":\"https:\/\/schema.org\",\"@graph\":[{\"@type\":\"Article\",\"@id\":\"https:\/\/ricardofallasj.com\/?p=1640#article\",\"isPartOf\":{\"@id\":\"https:\/\/ricardofallasj.com\/?p=1640\"},\"author\":{\"name\":\"admin\",\"@id\":\"https:\/\/ricardofallasj.com\/#\/schema\/person\/16116cf91bd99c6ef9f18c223b73e292\"},\"headline\":\"Misa Conmemoriativa Myrna Mack\",\"datePublished\":\"2023-06-18T00:11:10+00:00\",\"dateModified\":\"2023-06-18T00:11:11+00:00\",\"mainEntityOfPage\":{\"@id\":\"https:\/\/ricardofallasj.com\/?p=1640\"},\"wordCount\":4,\"image\":{\"@id\":\"https:\/\/ricardofallasj.com\/?p=1640#primaryimage\"},\"thumbnailUrl\":\"https:\/\/ricardofallasj.com\/wp-content\/uploads\/Misa-Mirna-Mack.jpg\",\"articleSection\":[\"V\u00eddeos\"],\"inLanguage\":\"es\"},{\"@type\":\"WebPage\",\"@id\":\"https:\/\/ricardofallasj.com\/?p=1640\",\"url\":\"https:\/\/ricardofallasj.com\/?p=1640\",\"name\":\"Misa Conmemoriativa Myrna Mack - Ricardo Falla sj\",\"isPartOf\":{\"@id\":\"https:\/\/ricardofallasj.com\/#website\"},\"primaryImageOfPage\":{\"@id\":\"https:\/\/ricardofallasj.com\/?p=1640#primaryimage\"},\"image\":{\"@id\":\"https:\/\/ricardofallasj.com\/?p=1640#primaryimage\"},\"thumbnailUrl\":\"https:\/\/ricardofallasj.com\/wp-content\/uploads\/Misa-Mirna-Mack.jpg\",\"datePublished\":\"2023-06-18T00:11:10+00:00\",\"dateModified\":\"2023-06-18T00:11:11+00:00\",\"author\":{\"@id\":\"https:\/\/ricardofallasj.com\/#\/schema\/person\/16116cf91bd99c6ef9f18c223b73e292\"},\"description\":\"Ricardo Falla, sj. Colecci\u00f3n Al atardecer de la vida, JUVENTUD Y MIGRACI\u00d3N, MASACRES Y ACOMPA\u00d1AMIENTO PASTORAL, CONVERSI\u00d3N RELIGIOSA Y RESORTES ORGANIZATIVOS\",\"breadcrumb\":{\"@id\":\"https:\/\/ricardofallasj.com\/?p=1640#breadcrumb\"},\"inLanguage\":\"es\",\"potentialAction\":[{\"@type\":\"ReadAction\",\"target\":[\"https:\/\/ricardofallasj.com\/?p=1640\"]}]},{\"@type\":\"ImageObject\",\"inLanguage\":\"es\",\"@id\":\"https:\/\/ricardofallasj.com\/?p=1640#primaryimage\",\"url\":\"https:\/\/ricardofallasj.com\/wp-content\/uploads\/Misa-Mirna-Mack.jpg\",\"contentUrl\":\"https:\/\/ricardofallasj.com\/wp-content\/uploads\/Misa-Mirna-Mack.jpg\",\"width\":784,\"height\":435},{\"@type\":\"BreadcrumbList\",\"@id\":\"https:\/\/ricardofallasj.com\/?p=1640#breadcrumb\",\"itemListElement\":[{\"@type\":\"ListItem\",\"position\":1,\"name\":\"Inicio\",\"item\":\"https:\/\/ricardofallasj.com\/\"},{\"@type\":\"ListItem\",\"position\":2,\"name\":\"Misa Conmemoriativa Myrna Mack\"}]},{\"@type\":\"WebSite\",\"@id\":\"https:\/\/ricardofallasj.com\/#website\",\"url\":\"https:\/\/ricardofallasj.com\/\",\"name\":\"Ricardo Falla sj\",\"description\":\"Grupo Impulsor de sus Escritos\",\"potentialAction\":[{\"@type\":\"SearchAction\",\"target\":{\"@type\":\"EntryPoint\",\"urlTemplate\":\"https:\/\/ricardofallasj.com\/?s={search_term_string}\"},\"query-input\":{\"@type\":\"PropertyValueSpecification\",\"valueRequired\":true,\"valueName\":\"search_term_string\"}}],\"inLanguage\":\"es\"},{\"@type\":\"Person\",\"@id\":\"https:\/\/ricardofallasj.com\/#\/schema\/person\/16116cf91bd99c6ef9f18c223b73e292\",\"name\":\"admin\"}]}<\/script>\n<!-- \/ Yoast SEO plugin. -->","yoast_head_json":{"title":"Misa Conmemoriativa Myrna Mack - Ricardo Falla sj","description":"Ricardo Falla, sj. Colecci\u00f3n Al atardecer de la vida, JUVENTUD Y MIGRACI\u00d3N, MASACRES Y ACOMPA\u00d1AMIENTO PASTORAL, CONVERSI\u00d3N RELIGIOSA Y RESORTES ORGANIZATIVOS","robots":{"index":"index","follow":"follow","max-snippet":"max-snippet:-1","max-image-preview":"max-image-preview:large","max-video-preview":"max-video-preview:-1"},"canonical":"https:\/\/ricardofallasj.com\/?p=1640","og_locale":"es_ES","og_type":"article","og_title":"Misa Conmemoriativa Myrna Mack - Ricardo Falla sj","og_description":"Ricardo Falla, sj. Colecci\u00f3n Al atardecer de la vida, JUVENTUD Y MIGRACI\u00d3N, MASACRES Y ACOMPA\u00d1AMIENTO PASTORAL, CONVERSI\u00d3N RELIGIOSA Y RESORTES ORGANIZATIVOS","og_url":"https:\/\/ricardofallasj.com\/?p=1640","og_site_name":"Ricardo Falla sj","article_published_time":"2023-06-18T00:11:10+00:00","article_modified_time":"2023-06-18T00:11:11+00:00","og_image":[{"width":784,"height":435,"url":"https:\/\/ricardofallasj.com\/wp-content\/uploads\/Misa-Mirna-Mack.jpg","type":"image\/jpeg"}],"author":"admin","twitter_card":"summary_large_image","twitter_misc":{"Escrito por":"admin"},"schema":{"@context":"https:\/\/schema.org","@graph":[{"@type":"Article","@id":"https:\/\/ricardofallasj.com\/?p=1640#article","isPartOf":{"@id":"https:\/\/ricardofallasj.com\/?p=1640"},"author":{"name":"admin","@id":"https:\/\/ricardofallasj.com\/#\/schema\/person\/16116cf91bd99c6ef9f18c223b73e292"},"headline":"Misa Conmemoriativa Myrna Mack","datePublished":"2023-06-18T00:11:10+00:00","dateModified":"2023-06-18T00:11:11+00:00","mainEntityOfPage":{"@id":"https:\/\/ricardofallasj.com\/?p=1640"},"wordCount":4,"image":{"@id":"https:\/\/ricardofallasj.com\/?p=1640#primaryimage"},"thumbnailUrl":"https:\/\/ricardofallasj.com\/wp-content\/uploads\/Misa-Mirna-Mack.jpg","articleSection":["V\u00eddeos"],"inLanguage":"es"},{"@type":"WebPage","@id":"https:\/\/ricardofallasj.com\/?p=1640","url":"https:\/\/ricardofallasj.com\/?p=1640","name":"Misa Conmemoriativa Myrna Mack - Ricardo Falla sj","isPartOf":{"@id":"https:\/\/ricardofallasj.com\/#website"},"primaryImageOfPage":{"@id":"https:\/\/ricardofallasj.com\/?p=1640#primaryimage"},"image":{"@id":"https:\/\/ricardofallasj.com\/?p=1640#primaryimage"},"thumbnailUrl":"https:\/\/ricardofallasj.com\/wp-content\/uploads\/Misa-Mirna-Mack.jpg","datePublished":"2023-06-18T00:11:10+00:00","dateModified":"2023-06-18T00:11:11+00:00","author":{"@id":"https:\/\/ricardofallasj.com\/#\/schema\/person\/16116cf91bd99c6ef9f18c223b73e292"},"description":"Ricardo Falla, sj. Colecci\u00f3n Al atardecer de la vida, JUVENTUD Y MIGRACI\u00d3N, MASACRES Y ACOMPA\u00d1AMIENTO PASTORAL, CONVERSI\u00d3N RELIGIOSA Y RESORTES ORGANIZATIVOS","breadcrumb":{"@id":"https:\/\/ricardofallasj.com\/?p=1640#breadcrumb"},"inLanguage":"es","potentialAction":[{"@type":"ReadAction","target":["https:\/\/ricardofallasj.com\/?p=1640"]}]},{"@type":"ImageObject","inLanguage":"es","@id":"https:\/\/ricardofallasj.com\/?p=1640#primaryimage","url":"https:\/\/ricardofallasj.com\/wp-content\/uploads\/Misa-Mirna-Mack.jpg","contentUrl":"https:\/\/ricardofallasj.com\/wp-content\/uploads\/Misa-Mirna-Mack.jpg","width":784,"height":435},{"@type":"BreadcrumbList","@id":"https:\/\/ricardofallasj.com\/?p=1640#breadcrumb","itemListElement":[{"@type":"ListItem","position":1,"name":"Inicio","item":"https:\/\/ricardofallasj.com\/"},{"@type":"ListItem","position":2,"name":"Misa Conmemoriativa Myrna Mack"}]},{"@type":"WebSite","@id":"https:\/\/ricardofallasj.com\/#website","url":"https:\/\/ricardofallasj.com\/","name":"Ricardo Falla sj","description":"Grupo Impulsor de sus Escritos","potentialAction":[{"@type":"SearchAction","target":{"@type":"EntryPoint","urlTemplate":"https:\/\/ricardofallasj.com\/?s={search_term_string}"},"query-input":{"@type":"PropertyValueSpecification","valueRequired":true,"valueName":"search_term_string"}}],"inLanguage":"es"},{"@type":"Person","@id":"https:\/\/ricardofallasj.com\/#\/schema\/person\/16116cf91bd99c6ef9f18c223b73e292","name":"admin"}]}},"_links":{"self":[{"href":"https:\/\/ricardofallasj.com\/index.php?rest_route=\/wp\/v2\/posts\/1640","targetHints":{"allow":["GET"]}}],"collection":[{"href":"https:\/\/ricardofallasj.com\/index.php?rest_route=\/wp\/v2\/posts"}],"about":[{"href":"https:\/\/ricardofallasj.com\/index.php?rest_route=\/wp\/v2\/types\/post"}],"author":[{"embeddable":true,"href":"https:\/\/ricardofallasj.com\/index.php?rest_route=\/wp\/v2\/users\/1"}],"replies":[{"embeddable":true,"href":"https:\/\/ricardofallasj.com\/index.php?rest_route=%2Fwp%2Fv2%2Fcomments&post=1640"}],"version-history":[{"count":1,"href":"https:\/\/ricardofallasj.com\/index.php?rest_route=\/wp\/v2\/posts\/1640\/revisions"}],"predecessor-version":[{"id":1641,"href":"https:\/\/ricardofallasj.com\/index.php?rest_route=\/wp\/v2\/posts\/1640\/revisions\/1641"}],"wp:featuredmedia":[{"embeddable":true,"href":"https:\/\/ricardofallasj.com\/index.php?rest_route=\/wp\/v2\/media\/1612"}],"wp:attachment":[{"href":"https:\/\/ricardofallasj.com\/index.php?rest_route=%2Fwp%2Fv2%2Fmedia&parent=1640"}],"wp:term":[{"taxonomy":"category","embeddable":true,"href":"https:\/\/ricardofallasj.com\/index.php?rest_route=%2Fwp%2Fv2%2Fcategories&post=1640"},{"taxonomy":"post_tag","embeddable":true,"href":"https:\/\/ricardofallasj.com\/index.php?rest_route=%2Fwp%2Fv2%2Ftags&post=1640"}],"curies":[{"name":"wp","href":"https:\/\/api.w.org\/{rel}","templated":true}]}}